{"id":58965,"date":"2025-08-28T17:00:59","date_gmt":"2025-08-28T15:00:59","guid":{"rendered":"https:\/\/www.thermokey.com\/?p=58965"},"modified":"2025-08-28T17:03:55","modified_gmt":"2025-08-28T15:03:55","slug":"luca-favero-naszym-nowym-chief-operating-officer","status":"publish","type":"post","link":"https:\/\/www.thermokey.com\/pl\/nowosci\/luca-favero-naszym-nowym-chief-operating-officer\/","title":{"rendered":"Witamy na pok\u0142adzie! Luca Favero naszym nowym Chief Operating Officer"},"content":{"rendered":"<section class=\"wpb-content-wrapper\"><!DOCTYPE html PUBLIC \"-\/\/W3C\/\/DTD HTML 4.0 Transitional\/\/EN\" \"http:\/\/www.w3.org\/TR\/REC-html40\/loose.dtd\">\n<html><body><p>[vc_row][vc_column][vc_custom_heading text=&rdquo;ThermoKey wita Luc&#281; Favero jako nowego Chief Operating Officer&rdquo; font_container=&rdquo;tag:h2|font_size:32|text_align:left|color:%2300497c&rdquo; css=&rdquo;.vc_custom_1756393103631{margin-top: 10px !important;margin-bottom: 20px !important;}&rdquo;][vc_column_text css=&rdquo;.vc_custom_1756393127455{margin-bottom: 20px !important;}&rdquo;]<\/p>\n<p data-start=\"9754\" data-end=\"9855\">Z przyjemno&#347;ci&#261; witamy in&#380;. Luc&#281; Favero jako nowego Chief Operating Officer ThermoKey.<\/p>\n<p data-start=\"9857\" data-end=\"10164\">Z ponad 20-letnim do&#347;wiadczeniem w zarz&#261;dzaniu z&#322;o&#380;onymi i mi&#281;dzynarodowymi strukturami produkcyjnymi,<strong> Luca wnosi rozleg&#322;&#261; wiedz&#281; w zakresie operacji, &#322;a&#324;cucha dostaw, transformacji cyfrowej i ci&#261;g&#322;ego doskonalenia<\/strong> &mdash; idealnie zgodn&#261; z naszymi ambicjami rozwoju i strategi&#261; pozycjonowania mi&#281;dzynarodowego.<\/p>\n<p data-start=\"10166\" data-end=\"10443\">Na nowym stanowisku b&#281;dzie kierowa&#322; ewolucj&#261; dzia&#322;u Operations ThermoKey, stosuj&#261;c strategiczne i zorientowane na wyniki podej&#347;cie oraz wsp&oacute;&#322;pracuj&#261;c &#347;ci&#347;le ze wszystkimi dzia&#322;ami firmy, aby nasze procesy produkcyjne by&#322;y coraz bardziej wydajne, zr&oacute;wnowa&#380;one i skoordynowane.<\/p>\n<p data-start=\"10445\" data-end=\"10474\"><strong>Do jego priorytet&oacute;w nale&#380;&#261;:<\/strong><\/p>\n<ul data-start=\"10475\" data-end=\"11025\">\n<li data-start=\"10475\" data-end=\"10591\">\n<p data-start=\"10477\" data-end=\"10591\">Optymalizacja proces&oacute;w produkcyjnych i logistycznych, z zapewnieniem cel&oacute;w czasowych, kosztowych i jako&#347;ciowych;<\/p>\n<\/li>\n<li data-start=\"10592\" data-end=\"10655\">\n<p data-start=\"10594\" data-end=\"10655\">Poprawa wynik&oacute;w operacyjnych poprzez jasne i mierzalne KPI;<\/p>\n<\/li>\n<li data-start=\"10656\" data-end=\"10767\">\n<p data-start=\"10658\" data-end=\"10767\">Integracja Lean, Six Sigma i nowoczesnych technologii w celu zwi&#281;kszenia efektywno&#347;ci i ograniczenia strat;<\/p>\n<\/li>\n<li data-start=\"10768\" data-end=\"10845\">\n<p data-start=\"10770\" data-end=\"10845\">Promowanie kultury doskona&#322;o&#347;ci, jako&#347;ci i innowacji w ca&#322;ej organizacji;<\/p>\n<\/li>\n<li data-start=\"10846\" data-end=\"10937\">\n<p data-start=\"10848\" data-end=\"10937\">Przyspieszenie transformacji cyfrowej proces&oacute;w we wsp&oacute;&#322;pracy z naszym zespo&#322;em Digital;<\/p>\n<\/li>\n<li data-start=\"10938\" data-end=\"11025\">\n<p data-start=\"10940\" data-end=\"11025\">Rozw&oacute;j zintegrowanego procesu S&amp;OP w celu dostosowania produkcji, zakup&oacute;w i popytu.<\/p>\n<\/li>\n<\/ul>\n<p data-start=\"11027\" data-end=\"11234\">Dzi&#281;ki jego przybyciu ThermoKey wzmacnia swoj&#261; zdolno&#347;&#263; do budowania doskona&#322;ego, zr&oacute;wnowa&#380;onego i konkurencyjnego modelu produkcyjnego, s&#322;u&#380;&#261;cego zar&oacute;wno naszym klientom, jak i przysz&#322;emu rozwojowi firmy.<\/p>\n<p data-start=\"11236\" data-end=\"11272\"><strong>Witamy Luca &mdash; gotowi rosn&#261;&#263; razem!<\/strong><\/p>\n<p>[\/vc_column_text][\/vc_column][\/vc_row][vc_row][vc_column][vc_separator css=&rdquo;.vc_custom_1756391402891{background-color: #dddddd !important;border-radius: 1px !important;}&rdquo;][\/vc_column][\/vc_row][vc_row][vc_column][vc_column_text css=&rdquo;.vc_custom_1756393165905{margin-top: 20px !important;margin-bottom: 20px !important;}&rdquo;]<strong>Oto pierwsze s&#322;owa in&#380;. Favero jako nowego COO ThermoKey:<\/strong><\/p>\n<p data-start=\"11346\" data-end=\"11749\"><em>&bdquo;Dzia&#322;ania operacyjne to miejsce, w kt&oacute;rym strategiczne plany i obietnice sk&#322;adane klientom staj&#261; si&#281; rzeczywisto&#347;ci&#261;. To m&oacute;zg i mi&#281;&#347;nie, wok&oacute;&#322; kt&oacute;rych obraca si&#281; ca&#322;e przedsi&#281;biorstwo. Podstawowa warto&#347;&#263; operacji le&#380;y w ich absolutnej precyzji, odpowiadaj&#261;c na potrzeby klienta, dostarczaj&#261;c maszyn&#281; wtedy, jak i w cenie, na jak&#261; klient oczekiwa&#322;. To sprawia, &#380;e klienci wracaj&#261; do ciebie raz po raz.<\/em><\/p>\n<p data-start=\"11751\" data-end=\"12151\"><em>Dla mnie dzi&#347; zaczyna si&#281; co&#347; naprawd&#281; ekscytuj&#261;cego: pojawia si&#281; szansa zaprojektowania tego, co uwa&#380;amy za s&#322;uszne dla firmy, gdzie transformacja lean i transformacja cyfrowa s&#261; kluczowymi punktami r&oacute;&#380;nicuj&#261;cymi, kt&oacute;re pozwol&#261; organizacji osi&#261;gn&#261;&#263; cele. Jestem naprawd&#281; zaanga&#380;owany w prowadzenie tej zmiany poprzez motywowanie ludzi do wsp&oacute;lnego celu &mdash; stworzenia fabryki na &#347;wiatowym poziomie.&rdquo;<\/em><\/p>\n<p>[\/vc_column_text][\/vc_column][\/vc_row]<\/p>\n<\/body><\/html>\n<\/section>","protected":false},"excerpt":{"rendered":"<p>[vc_row][vc_column][vc_custom_heading text=&rdquo;ThermoKey wita Luc&#281; Favero jako nowego Chief Operating Officer&rdquo; font_container=&rdquo;tag:h2|font_size:32|text_align:left|color:%2300497c&rdquo; css=&rdquo;.vc_custom_1756393103631{margin-top: 10px !important;margin-bottom: 20px !important;}&rdquo;][vc_column_text css=&rdquo;.vc_custom_1756393127455{margin-bottom: 20px !important;}&rdquo;] Z przyjemno&#347;ci&#261; witamy in&#380;. Luc&#281; Favero jako nowego Chief Operating Officer ThermoKey. Z ponad 20-letnim do&#347;wiadczeniem w zarz&#261;dzaniu z&#322;o&#380;onymi i mi&#281;dzynarodowymi strukturami produkcyjnymi, Luca wnosi rozleg&#322;&#261; wiedz&#281; w zakresie operacji, &#322;a&#324;cucha dostaw, transformacji cyfrowej i ci&#261;g&#322;ego [&hellip;]<\/p>\n","protected":false},"author":2,"featured_media":60336,"comment_status":"closed","ping_status":"closed","sticky":false,"template":"single-highlights.php","format":"standard","meta":{"_acf_changed":false,"inline_featured_image":false,"footnotes":""},"categories":[122],"tags":[],"class_list":["post-58965","post","type-post","status-publish","format-standard","has-post-thumbnail","hentry","category-nowosci"],"acf":[],"yoast_head":"<!-- This site is optimized with the Yoast SEO plugin v27.1.1 - https:\/\/yoast.com\/product\/yoast-seo-wordpress\/ -->\n<title>Luca Favero naszym nowym Chief Operating Officer<\/title>\n<meta name=\"description\" content=\"ThermoKey wita Luc\u0119 Favero jako nowego Chief Operating Officer, kt\u00f3ry b\u0119dzie kierowa\u0142 operacjami i zr\u00f3wnowa\u017conym rozwojem przemys\u0142owym.\" \/>\n<meta name=\"robots\" content=\"index, follow, max-snippet:-1, max-image-preview:large, max-video-preview:-1\" \/>\n<link rel=\"canonical\" href=\"https:\/\/www.thermokey.com\/pl\/nowosci\/luca-favero-naszym-nowym-chief-operating-officer\/\" \/>\n<meta property=\"og:locale\" content=\"pl_PL\" \/>\n<meta property=\"og:type\" content=\"article\" \/>\n<meta property=\"og:title\" content=\"Luca Favero naszym nowym Chief Operating Officer\" \/>\n<meta property=\"og:description\" content=\"ThermoKey wita Luc\u0119 Favero jako nowego Chief Operating Officer, kt\u00f3ry b\u0119dzie kierowa\u0142 operacjami i zr\u00f3wnowa\u017conym rozwojem przemys\u0142owym.\" \/>\n<meta property=\"og:url\" content=\"https:\/\/www.thermokey.com\/pl\/nowosci\/luca-favero-naszym-nowym-chief-operating-officer\/\" \/>\n<meta property=\"og:site_name\" content=\"Thermokey\" \/>\n<meta property=\"article:published_time\" content=\"2025-08-28T15:00:59+00:00\" \/>\n<meta property=\"article:modified_time\" content=\"2025-08-28T15:03:55+00:00\" \/>\n<meta property=\"og:image\" content=\"https:\/\/www.thermokey.com\/wp-content\/uploads\/2025\/08\/WEB_New-COO-LKD.jpg\" \/>\n\t<meta property=\"og:image:width\" content=\"3377\" \/>\n\t<meta property=\"og:image:height\" content=\"1791\" \/>\n\t<meta property=\"og:image:type\" content=\"image\/jpeg\" \/>\n<meta name=\"author\" content=\"Thermokey\" \/>\n<meta name=\"twitter:card\" content=\"summary_large_image\" \/>\n<meta name=\"twitter:label1\" content=\"Napisane przez\" \/>\n\t<meta name=\"twitter:data1\" content=\"Thermokey\" \/>\n\t<meta name=\"twitter:label2\" content=\"Szacowany czas czytania\" \/>\n\t<meta name=\"twitter:data2\" content=\"2 minuty\" \/>\n<script type=\"application\/ld+json\" class=\"yoast-schema-graph\">{\"@context\":\"https:\/\/schema.org\",\"@graph\":[{\"@type\":\"Article\",\"@id\":\"https:\/\/www.thermokey.com\/pl\/nowosci\/luca-favero-naszym-nowym-chief-operating-officer\/#article\",\"isPartOf\":{\"@id\":\"https:\/\/www.thermokey.com\/pl\/nowosci\/luca-favero-naszym-nowym-chief-operating-officer\/\"},\"author\":{\"name\":\"Thermokey\",\"@id\":\"https:\/\/www.thermokey.com\/pl\/#\/schema\/person\/16747647ddcb5a609dd31f4d8f508f57\"},\"headline\":\"Witamy na pok\u0142adzie! Luca Favero naszym nowym Chief Operating Officer\",\"datePublished\":\"2025-08-28T15:00:59+00:00\",\"dateModified\":\"2025-08-28T15:03:55+00:00\",\"mainEntityOfPage\":{\"@id\":\"https:\/\/www.thermokey.com\/pl\/nowosci\/luca-favero-naszym-nowym-chief-operating-officer\/\"},\"wordCount\":472,\"image\":{\"@id\":\"https:\/\/www.thermokey.com\/pl\/nowosci\/luca-favero-naszym-nowym-chief-operating-officer\/#primaryimage\"},\"thumbnailUrl\":\"https:\/\/www.thermokey.com\/wp-content\/uploads\/2025\/08\/WEB_New-COO-LKD.jpg\",\"articleSection\":[\"Nowo\u015bci\"],\"inLanguage\":\"pl-PL\"},{\"@type\":\"WebPage\",\"@id\":\"https:\/\/www.thermokey.com\/pl\/nowosci\/luca-favero-naszym-nowym-chief-operating-officer\/\",\"url\":\"https:\/\/www.thermokey.com\/pl\/nowosci\/luca-favero-naszym-nowym-chief-operating-officer\/\",\"name\":\"Luca Favero naszym nowym Chief Operating Officer\",\"isPartOf\":{\"@id\":\"https:\/\/www.thermokey.com\/pl\/#website\"},\"primaryImageOfPage\":{\"@id\":\"https:\/\/www.thermokey.com\/pl\/nowosci\/luca-favero-naszym-nowym-chief-operating-officer\/#primaryimage\"},\"image\":{\"@id\":\"https:\/\/www.thermokey.com\/pl\/nowosci\/luca-favero-naszym-nowym-chief-operating-officer\/#primaryimage\"},\"thumbnailUrl\":\"https:\/\/www.thermokey.com\/wp-content\/uploads\/2025\/08\/WEB_New-COO-LKD.jpg\",\"datePublished\":\"2025-08-28T15:00:59+00:00\",\"dateModified\":\"2025-08-28T15:03:55+00:00\",\"author\":{\"@id\":\"https:\/\/www.thermokey.com\/pl\/#\/schema\/person\/16747647ddcb5a609dd31f4d8f508f57\"},\"description\":\"ThermoKey wita Luc\u0119 Favero jako nowego Chief Operating Officer, kt\u00f3ry b\u0119dzie kierowa\u0142 operacjami i zr\u00f3wnowa\u017conym rozwojem przemys\u0142owym.\",\"breadcrumb\":{\"@id\":\"https:\/\/www.thermokey.com\/pl\/nowosci\/luca-favero-naszym-nowym-chief-operating-officer\/#breadcrumb\"},\"inLanguage\":\"pl-PL\",\"potentialAction\":[{\"@type\":\"ReadAction\",\"target\":[\"https:\/\/www.thermokey.com\/pl\/nowosci\/luca-favero-naszym-nowym-chief-operating-officer\/\"]}]},{\"@type\":\"ImageObject\",\"inLanguage\":\"pl-PL\",\"@id\":\"https:\/\/www.thermokey.com\/pl\/nowosci\/luca-favero-naszym-nowym-chief-operating-officer\/#primaryimage\",\"url\":\"https:\/\/www.thermokey.com\/wp-content\/uploads\/2025\/08\/WEB_New-COO-LKD.jpg\",\"contentUrl\":\"https:\/\/www.thermokey.com\/wp-content\/uploads\/2025\/08\/WEB_New-COO-LKD.jpg\",\"width\":3377,\"height\":1791,\"caption\":\"Luca Favero New Chief Operating Officer Thermokey\"},{\"@type\":\"BreadcrumbList\",\"@id\":\"https:\/\/www.thermokey.com\/pl\/nowosci\/luca-favero-naszym-nowym-chief-operating-officer\/#breadcrumb\",\"itemListElement\":[{\"@type\":\"ListItem\",\"position\":1,\"name\":\"Home\",\"item\":\"https:\/\/www.thermokey.com\/pl\/\"},{\"@type\":\"ListItem\",\"position\":2,\"name\":\"Witamy na pok\u0142adzie! Luca Favero naszym nowym Chief Operating Officer\"}]},{\"@type\":\"WebSite\",\"@id\":\"https:\/\/www.thermokey.com\/pl\/#website\",\"url\":\"https:\/\/www.thermokey.com\/pl\/\",\"name\":\"Thermokey\",\"description\":\"Heat Exchange Solutions\",\"potentialAction\":[{\"@type\":\"SearchAction\",\"target\":{\"@type\":\"EntryPoint\",\"urlTemplate\":\"https:\/\/www.thermokey.com\/pl\/?s={search_term_string}\"},\"query-input\":{\"@type\":\"PropertyValueSpecification\",\"valueRequired\":true,\"valueName\":\"search_term_string\"}}],\"inLanguage\":\"pl-PL\"},{\"@type\":\"Person\",\"@id\":\"https:\/\/www.thermokey.com\/pl\/#\/schema\/person\/16747647ddcb5a609dd31f4d8f508f57\",\"name\":\"Thermokey\",\"image\":{\"@type\":\"ImageObject\",\"inLanguage\":\"pl-PL\",\"@id\":\"https:\/\/www.thermokey.com\/pl\/#\/schema\/person\/image\/\",\"url\":\"https:\/\/secure.gravatar.com\/avatar\/e29eda11e6fd8a589ce2983c80f4c0e7610276d19d541f185cc749232887dc0e?s=96&d=mm&r=g\",\"contentUrl\":\"https:\/\/secure.gravatar.com\/avatar\/e29eda11e6fd8a589ce2983c80f4c0e7610276d19d541f185cc749232887dc0e?s=96&d=mm&r=g\",\"caption\":\"Thermokey\"},\"sameAs\":[\"https:\/\/www.thermokey.com\/en\/\"]}]}<\/script>\n<!-- \/ Yoast SEO plugin. -->","yoast_head_json":{"title":"Luca Favero naszym nowym Chief Operating Officer","description":"ThermoKey wita Luc\u0119 Favero jako nowego Chief Operating Officer, kt\u00f3ry b\u0119dzie kierowa\u0142 operacjami i zr\u00f3wnowa\u017conym rozwojem przemys\u0142owym.","robots":{"index":"index","follow":"follow","max-snippet":"max-snippet:-1","max-image-preview":"max-image-preview:large","max-video-preview":"max-video-preview:-1"},"canonical":"https:\/\/www.thermokey.com\/pl\/nowosci\/luca-favero-naszym-nowym-chief-operating-officer\/","og_locale":"pl_PL","og_type":"article","og_title":"Luca Favero naszym nowym Chief Operating Officer","og_description":"ThermoKey wita Luc\u0119 Favero jako nowego Chief Operating Officer, kt\u00f3ry b\u0119dzie kierowa\u0142 operacjami i zr\u00f3wnowa\u017conym rozwojem przemys\u0142owym.","og_url":"https:\/\/www.thermokey.com\/pl\/nowosci\/luca-favero-naszym-nowym-chief-operating-officer\/","og_site_name":"Thermokey","article_published_time":"2025-08-28T15:00:59+00:00","article_modified_time":"2025-08-28T15:03:55+00:00","og_image":[{"width":3377,"height":1791,"url":"https:\/\/www.thermokey.com\/wp-content\/uploads\/2025\/08\/WEB_New-COO-LKD.jpg","type":"image\/jpeg"}],"author":"Thermokey","twitter_card":"summary_large_image","twitter_misc":{"Napisane przez":"Thermokey","Szacowany czas czytania":"2 minuty"},"schema":{"@context":"https:\/\/schema.org","@graph":[{"@type":"Article","@id":"https:\/\/www.thermokey.com\/pl\/nowosci\/luca-favero-naszym-nowym-chief-operating-officer\/#article","isPartOf":{"@id":"https:\/\/www.thermokey.com\/pl\/nowosci\/luca-favero-naszym-nowym-chief-operating-officer\/"},"author":{"name":"Thermokey","@id":"https:\/\/www.thermokey.com\/pl\/#\/schema\/person\/16747647ddcb5a609dd31f4d8f508f57"},"headline":"Witamy na pok\u0142adzie! Luca Favero naszym nowym Chief Operating Officer","datePublished":"2025-08-28T15:00:59+00:00","dateModified":"2025-08-28T15:03:55+00:00","mainEntityOfPage":{"@id":"https:\/\/www.thermokey.com\/pl\/nowosci\/luca-favero-naszym-nowym-chief-operating-officer\/"},"wordCount":472,"image":{"@id":"https:\/\/www.thermokey.com\/pl\/nowosci\/luca-favero-naszym-nowym-chief-operating-officer\/#primaryimage"},"thumbnailUrl":"https:\/\/www.thermokey.com\/wp-content\/uploads\/2025\/08\/WEB_New-COO-LKD.jpg","articleSection":["Nowo\u015bci"],"inLanguage":"pl-PL"},{"@type":"WebPage","@id":"https:\/\/www.thermokey.com\/pl\/nowosci\/luca-favero-naszym-nowym-chief-operating-officer\/","url":"https:\/\/www.thermokey.com\/pl\/nowosci\/luca-favero-naszym-nowym-chief-operating-officer\/","name":"Luca Favero naszym nowym Chief Operating Officer","isPartOf":{"@id":"https:\/\/www.thermokey.com\/pl\/#website"},"primaryImageOfPage":{"@id":"https:\/\/www.thermokey.com\/pl\/nowosci\/luca-favero-naszym-nowym-chief-operating-officer\/#primaryimage"},"image":{"@id":"https:\/\/www.thermokey.com\/pl\/nowosci\/luca-favero-naszym-nowym-chief-operating-officer\/#primaryimage"},"thumbnailUrl":"https:\/\/www.thermokey.com\/wp-content\/uploads\/2025\/08\/WEB_New-COO-LKD.jpg","datePublished":"2025-08-28T15:00:59+00:00","dateModified":"2025-08-28T15:03:55+00:00","author":{"@id":"https:\/\/www.thermokey.com\/pl\/#\/schema\/person\/16747647ddcb5a609dd31f4d8f508f57"},"description":"ThermoKey wita Luc\u0119 Favero jako nowego Chief Operating Officer, kt\u00f3ry b\u0119dzie kierowa\u0142 operacjami i zr\u00f3wnowa\u017conym rozwojem przemys\u0142owym.","breadcrumb":{"@id":"https:\/\/www.thermokey.com\/pl\/nowosci\/luca-favero-naszym-nowym-chief-operating-officer\/#breadcrumb"},"inLanguage":"pl-PL","potentialAction":[{"@type":"ReadAction","target":["https:\/\/www.thermokey.com\/pl\/nowosci\/luca-favero-naszym-nowym-chief-operating-officer\/"]}]},{"@type":"ImageObject","inLanguage":"pl-PL","@id":"https:\/\/www.thermokey.com\/pl\/nowosci\/luca-favero-naszym-nowym-chief-operating-officer\/#primaryimage","url":"https:\/\/www.thermokey.com\/wp-content\/uploads\/2025\/08\/WEB_New-COO-LKD.jpg","contentUrl":"https:\/\/www.thermokey.com\/wp-content\/uploads\/2025\/08\/WEB_New-COO-LKD.jpg","width":3377,"height":1791,"caption":"Luca Favero New Chief Operating Officer Thermokey"},{"@type":"BreadcrumbList","@id":"https:\/\/www.thermokey.com\/pl\/nowosci\/luca-favero-naszym-nowym-chief-operating-officer\/#breadcrumb","itemListElement":[{"@type":"ListItem","position":1,"name":"Home","item":"https:\/\/www.thermokey.com\/pl\/"},{"@type":"ListItem","position":2,"name":"Witamy na pok\u0142adzie! Luca Favero naszym nowym Chief Operating Officer"}]},{"@type":"WebSite","@id":"https:\/\/www.thermokey.com\/pl\/#website","url":"https:\/\/www.thermokey.com\/pl\/","name":"Thermokey","description":"Heat Exchange Solutions","potentialAction":[{"@type":"SearchAction","target":{"@type":"EntryPoint","urlTemplate":"https:\/\/www.thermokey.com\/pl\/?s={search_term_string}"},"query-input":{"@type":"PropertyValueSpecification","valueRequired":true,"valueName":"search_term_string"}}],"inLanguage":"pl-PL"},{"@type":"Person","@id":"https:\/\/www.thermokey.com\/pl\/#\/schema\/person\/16747647ddcb5a609dd31f4d8f508f57","name":"Thermokey","image":{"@type":"ImageObject","inLanguage":"pl-PL","@id":"https:\/\/www.thermokey.com\/pl\/#\/schema\/person\/image\/","url":"https:\/\/secure.gravatar.com\/avatar\/e29eda11e6fd8a589ce2983c80f4c0e7610276d19d541f185cc749232887dc0e?s=96&d=mm&r=g","contentUrl":"https:\/\/secure.gravatar.com\/avatar\/e29eda11e6fd8a589ce2983c80f4c0e7610276d19d541f185cc749232887dc0e?s=96&d=mm&r=g","caption":"Thermokey"},"sameAs":["https:\/\/www.thermokey.com\/en\/"]}]}},"_links":{"self":[{"href":"https:\/\/www.thermokey.com\/pl\/wp-json\/wp\/v2\/posts\/58965","targetHints":{"allow":["GET"]}}],"collection":[{"href":"https:\/\/www.thermokey.com\/pl\/wp-json\/wp\/v2\/posts"}],"about":[{"href":"https:\/\/www.thermokey.com\/pl\/wp-json\/wp\/v2\/types\/post"}],"author":[{"embeddable":true,"href":"https:\/\/www.thermokey.com\/pl\/wp-json\/wp\/v2\/users\/2"}],"replies":[{"embeddable":true,"href":"https:\/\/www.thermokey.com\/pl\/wp-json\/wp\/v2\/comments?post=58965"}],"version-history":[{"count":2,"href":"https:\/\/www.thermokey.com\/pl\/wp-json\/wp\/v2\/posts\/58965\/revisions"}],"predecessor-version":[{"id":60362,"href":"https:\/\/www.thermokey.com\/pl\/wp-json\/wp\/v2\/posts\/58965\/revisions\/60362"}],"wp:featuredmedia":[{"embeddable":true,"href":"https:\/\/www.thermokey.com\/pl\/wp-json\/wp\/v2\/media\/60336"}],"wp:attachment":[{"href":"https:\/\/www.thermokey.com\/pl\/wp-json\/wp\/v2\/media?parent=58965"}],"wp:term":[{"taxonomy":"category","embeddable":true,"href":"https:\/\/www.thermokey.com\/pl\/wp-json\/wp\/v2\/categories?post=58965"},{"taxonomy":"post_tag","embeddable":true,"href":"https:\/\/www.thermokey.com\/pl\/wp-json\/wp\/v2\/tags?post=58965"}],"curies":[{"name":"wp","href":"https:\/\/api.w.org\/{rel}","templated":true}]}}