{"id":51809,"date":"2024-12-03T11:38:34","date_gmt":"2024-12-03T10:38:34","guid":{"rendered":"https:\/\/www.thermokey.com\/?p=51809"},"modified":"2024-12-13T10:33:07","modified_gmt":"2024-12-13T09:33:07","slug":"refrigeracion-para-un-contratista-general-lider-en-la-region-del-baltico","status":"publish","type":"post","link":"https:\/\/www.thermokey.com\/es\/referencias\/refrigeracion-para-un-contratista-general-lider-en-la-region-del-baltico\/","title":{"rendered":"Refrigeraci\u00f3n para un contratista general l\u00edder en la regi\u00f3n del B\u00e1ltico"},"content":{"rendered":"<section class=\"wpb-content-wrapper\"><!DOCTYPE html PUBLIC \"-\/\/W3C\/\/DTD HTML 4.0 Transitional\/\/EN\" \"http:\/\/www.w3.org\/TR\/REC-html40\/loose.dtd\">\n<html><body><p>[vc_row css=&raquo;.vc_custom_1720792220854{margin-bottom: 45px !important;}&raquo;][vc_column][vc_column_text]<strong><span style=\"font-size: 1.2em;\">ThermoKey fue elegida para un proyecto personalizado con un importante general contractor en los Estados b&aacute;lticos. El desaf&iacute;o era proporcionar una capacidad de refrigeraci&oacute;n de 72 MW utilizando la menor cantidad de unidades posible, garantizando la confiabilidad a largo plazo y el cumplimiento de estrictas regulaciones sobre niveles de ruido.<\/span><\/strong>[\/vc_column_text][vc_column_text css=&raquo;.vc_custom_1733222036020{margin-top: 30px !important;}&raquo;]Para verificar la solidez del sistema a lo largo del tiempo, pruebas de rendimiento adicionales confirmaron que el sistema de refrigeraci&oacute;n pod&iacute;a entregar de manera confiable la capacidad requerida de <strong>72 MW<\/strong>.<\/p>\n<p>La soluci&oacute;n incorpor&oacute; <strong>28 unidades Superjumbo hechas a medida<\/strong>, equipadas con motores EC controlados mediante se&ntilde;ales de 0-10 V. Estos motores funcionan a un punto nominal del 70%, creando una reserva de capacidad de refrigeraci&oacute;n, especialmente &uacute;til durante los periodos en los que las aletas pueden acumular polvo.<\/p>\n<p>En t&eacute;rminos de cumplimiento de ruido, los motores EC brindaron la flexibilidad de reducir las RPM del ventilador durante la noche, manteniendo el rendimiento de enfriamiento y minimizando el ruido.<\/p>\n<p>Para optimizar a&uacute;n m&aacute;s el espacio y la eficiencia, ThermoKey introdujo puntos de montaje adicionales entre unidades, lo que permiti&oacute; al cliente instalar l&aacute;minas de metal para evitar la recirculaci&oacute;n de aire. Esta innovaci&oacute;n redujo la distancia entre unidades y al mismo tiempo evit&oacute; la p&eacute;rdida de rendimiento debido a la mezcla parcial del aire de entrada y salida.[\/vc_column_text][\/vc_column][\/vc_row][vc_row][vc_column width=&raquo;1\/2&Prime;][vc_custom_heading text=&raquo;Ubicaci&oacute;n&raquo; font_container=&raquo;tag:h2|font_size:20|text_align:left|color:%23004987&Prime; css=&raquo;.vc_custom_1733222060549{margin-bottom: 15px !important;}&raquo;][vc_column_text css=&raquo;.vc_custom_1733222070106{margin-bottom: 30px !important;}&raquo;]Estados b&aacute;lticos[\/vc_column_text][vc_custom_heading text=&raquo;Uso&raquo; font_container=&raquo;tag:h2|font_size:20|text_align:left|color:%23004987&Prime; css=&raquo;.vc_custom_1733222077578{margin-bottom: 15px !important;}&raquo;][vc_column_text css=&raquo;.vc_custom_1730732804781{margin-bottom: 30px !important;}&raquo;]Process cooling[\/vc_column_text][vc_custom_heading text=&raquo;Capacidad de enfriamiento&raquo; font_container=&raquo;tag:h2|font_size:20|text_align:left|color:%23004987&Prime; css=&raquo;.vc_custom_1733222089478{margin-bottom: 15px !important;}&raquo;][vc_column_text css=&raquo;.vc_custom_1730732841767{margin-bottom: 30px !important;}&raquo;]72 MW[\/vc_column_text][\/vc_column][vc_column width=&raquo;1\/2&Prime;][vc_custom_heading text=&raquo;Necesidades del cliente&raquo; font_container=&raquo;tag:h2|font_size:20|text_align:left|color:%23004987&Prime; css=&raquo;.vc_custom_1733222098233{margin-bottom: 15px !important;}&raquo;][vc_column_text css=&raquo;.vc_custom_1733222107721{margin-bottom: 30px !important;}&raquo;]Enfriamiento confiable con n&uacute;mero de unidades y huella minimizadas, cumplimiento del control de ruido[\/vc_column_text][vc_custom_heading text=&raquo;Soluci&oacute;n ThermoKey&raquo; font_container=&raquo;tag:h2|font_size:20|text_align:left|color:%23004987&Prime; css=&raquo;.vc_custom_1733222119774{margin-bottom: 15px !important;}&raquo;][vc_column_text css=&raquo;.vc_custom_1733222127914{margin-bottom: 30px !important;}&raquo;]28 unidades de enfriadores secos Superpower-J SJGH2090.DN4\/04 Q2EAF(EC)(AFS)S con ventiladores EC[\/vc_column_text][vc_custom_heading text=&raquo;Valor a&ntilde;adido&raquo; font_container=&raquo;tag:h2|font_size:20|text_align:left|color:%23004987&Prime; css=&raquo;.vc_custom_1733222140478{margin-bottom: 15px !important;}&raquo;][vc_column_text css=&raquo;.vc_custom_1733222156824{margin-bottom: 30px !important;}&raquo;]<\/p>\n<ul>\n<li>Excelente capacidad de enfriamiento con unidades m&iacute;nimas<\/li>\n<li>Motores EC que proporcionan reserva de refrigeraci&oacute;n y cumplimiento de ruidos.<\/li>\n<li>Puntos de montaje personalizados que reducen el espacio entre unidades y evitan la recirculaci&oacute;n e aire<\/li>\n<\/ul>\n<p>[\/vc_column_text][\/vc_column][\/vc_row][vc_row css=&raquo;.vc_custom_1720793251594{margin-top: 50px !important;margin-bottom: 20px !important;border-top-width: 3px !important;border-right-width: 3px !important;border-bottom-width: 3px !important;border-left-width: 3px !important;padding-top: 20px !important;padding-right: px !important;padding-bottom: 20px !important;padding-left: 0px !important;border-left-color: #efefef !important;border-left-style: solid !important;border-right-color: #efefef !important;border-right-style: solid !important;border-top-color: #efefef !important;border-top-style: solid !important;border-bottom-color: #efefef !important;border-bottom-style: solid !important;border-radius: 3px !important;}&raquo;][vc_column width=&raquo;2\/3&Prime;][vc_single_image image=&raquo;613&Prime; img_size=&raquo;large&raquo;][\/vc_column][vc_column width=&raquo;1\/3&Prime;][vc_btn title=&raquo;Descubre el producto&raquo; color=&raquo;juicy-pink&raquo; size=&raquo;lg&raquo; align=&raquo;center&raquo; i_icon_fontawesome=&raquo;fas fa-book-open&raquo; add_icon=&raquo;true&raquo; link=&raquo;url:https%3A%2F%2Fwww.thermokey.com%2Fes%2Fproductos%2Faeroenfriadores%2Faeroenfriadores-super-power-j%2F&raquo;][\/vc_column][\/vc_row]<\/p>\n<\/body><\/html>\n<\/section>","protected":false},"excerpt":{"rendered":"<p>ThermoKey dise\u00f1\u00f3 un sistema de refrigeraci\u00f3n de 72 MW para un contratista l\u00edder en los Estados B\u00e1lticos, optimizando espacio, rendimiento y cumplimiento ac\u00fastico<\/p>\n","protected":false},"author":3,"featured_media":50928,"comment_status":"closed","ping_status":"closed","sticky":false,"template":"single-references.php","format":"standard","meta":{"_acf_changed":false,"inline_featured_image":false,"footnotes":""},"categories":[76],"tags":[],"class_list":["post-51809","post","type-post","status-publish","format-standard","has-post-thumbnail","hentry","category-referencias"],"acf":[],"yoast_head":"<!-- This site is optimized with the Yoast SEO plugin v27.1.1 - https:\/\/yoast.com\/product\/yoast-seo-wordpress\/ -->\n<title>Refrigeraci\u00f3n para un Contratista General en la Regi\u00f3n del B\u00e1ltico<\/title>\n<meta name=\"description\" content=\"ThermoKey dise\u00f1\u00f3 un sistema de refrigeraci\u00f3n de 72 MW para un contratista l\u00edder en los Estados B\u00e1lticos, optimizando espacio, rendimiento y cumplimiento ac\u00fastico\" \/>\n<meta name=\"robots\" content=\"index, follow, max-snippet:-1, max-image-preview:large, max-video-preview:-1\" \/>\n<link rel=\"canonical\" href=\"https:\/\/www.thermokey.com\/es\/referencias\/refrigeracion-para-un-contratista-general-lider-en-la-region-del-baltico\/\" \/>\n<meta property=\"og:locale\" content=\"es_ES\" \/>\n<meta property=\"og:type\" content=\"article\" \/>\n<meta property=\"og:title\" content=\"Refrigeraci\u00f3n para un Contratista General en la Regi\u00f3n del B\u00e1ltico\" \/>\n<meta property=\"og:description\" content=\"ThermoKey dise\u00f1\u00f3 un sistema de refrigeraci\u00f3n de 72 MW para un contratista l\u00edder en los Estados B\u00e1lticos, optimizando espacio, rendimiento y cumplimiento ac\u00fastico\" \/>\n<meta property=\"og:url\" content=\"https:\/\/www.thermokey.com\/es\/referencias\/refrigeracion-para-un-contratista-general-lider-en-la-region-del-baltico\/\" \/>\n<meta property=\"og:site_name\" content=\"Thermokey\" \/>\n<meta property=\"article:published_time\" content=\"2024-12-03T10:38:34+00:00\" \/>\n<meta property=\"article:modified_time\" content=\"2024-12-13T09:33:07+00:00\" \/>\n<meta property=\"og:image\" content=\"https:\/\/www.thermokey.com\/wp-content\/uploads\/2024\/11\/Cooling_leading-general-contractor_Baltic-1.jpg\" \/>\n\t<meta property=\"og:image:width\" content=\"2458\" \/>\n\t<meta property=\"og:image:height\" content=\"1307\" \/>\n\t<meta property=\"og:image:type\" content=\"image\/jpeg\" \/>\n<meta name=\"author\" content=\"Camilla Borz\" \/>\n<meta name=\"twitter:card\" content=\"summary_large_image\" \/>\n<meta name=\"twitter:label1\" content=\"Escrito por\" \/>\n\t<meta name=\"twitter:data1\" content=\"Camilla Borz\" \/>\n\t<meta name=\"twitter:label2\" content=\"Tiempo de lectura\" \/>\n\t<meta name=\"twitter:data2\" content=\"2 minutos\" \/>\n<script type=\"application\/ld+json\" class=\"yoast-schema-graph\">{\"@context\":\"https:\/\/schema.org\",\"@graph\":[{\"@type\":\"Article\",\"@id\":\"https:\/\/www.thermokey.com\/es\/referencias\/refrigeracion-para-un-contratista-general-lider-en-la-region-del-baltico\/#article\",\"isPartOf\":{\"@id\":\"https:\/\/www.thermokey.com\/es\/referencias\/refrigeracion-para-un-contratista-general-lider-en-la-region-del-baltico\/\"},\"author\":{\"name\":\"Camilla Borz\",\"@id\":\"https:\/\/www.thermokey.com\/es\/#\/schema\/person\/f24b3b94eb274a70a61d67efb8d793c8\"},\"headline\":\"Refrigeraci\u00f3n para un contratista general l\u00edder en la regi\u00f3n del B\u00e1ltico\",\"datePublished\":\"2024-12-03T10:38:34+00:00\",\"dateModified\":\"2024-12-13T09:33:07+00:00\",\"mainEntityOfPage\":{\"@id\":\"https:\/\/www.thermokey.com\/es\/referencias\/refrigeracion-para-un-contratista-general-lider-en-la-region-del-baltico\/\"},\"wordCount\":685,\"image\":{\"@id\":\"https:\/\/www.thermokey.com\/es\/referencias\/refrigeracion-para-un-contratista-general-lider-en-la-region-del-baltico\/#primaryimage\"},\"thumbnailUrl\":\"https:\/\/www.thermokey.com\/wp-content\/uploads\/2024\/11\/Cooling_leading-general-contractor_Baltic-1.jpg\",\"articleSection\":[\"Referencias\"],\"inLanguage\":\"es\"},{\"@type\":\"WebPage\",\"@id\":\"https:\/\/www.thermokey.com\/es\/referencias\/refrigeracion-para-un-contratista-general-lider-en-la-region-del-baltico\/\",\"url\":\"https:\/\/www.thermokey.com\/es\/referencias\/refrigeracion-para-un-contratista-general-lider-en-la-region-del-baltico\/\",\"name\":\"Refrigeraci\u00f3n para un Contratista General en la Regi\u00f3n del B\u00e1ltico\",\"isPartOf\":{\"@id\":\"https:\/\/www.thermokey.com\/es\/#website\"},\"primaryImageOfPage\":{\"@id\":\"https:\/\/www.thermokey.com\/es\/referencias\/refrigeracion-para-un-contratista-general-lider-en-la-region-del-baltico\/#primaryimage\"},\"image\":{\"@id\":\"https:\/\/www.thermokey.com\/es\/referencias\/refrigeracion-para-un-contratista-general-lider-en-la-region-del-baltico\/#primaryimage\"},\"thumbnailUrl\":\"https:\/\/www.thermokey.com\/wp-content\/uploads\/2024\/11\/Cooling_leading-general-contractor_Baltic-1.jpg\",\"datePublished\":\"2024-12-03T10:38:34+00:00\",\"dateModified\":\"2024-12-13T09:33:07+00:00\",\"author\":{\"@id\":\"https:\/\/www.thermokey.com\/es\/#\/schema\/person\/f24b3b94eb274a70a61d67efb8d793c8\"},\"description\":\"ThermoKey dise\u00f1\u00f3 un sistema de refrigeraci\u00f3n de 72 MW para un contratista l\u00edder en los Estados B\u00e1lticos, optimizando espacio, rendimiento y cumplimiento ac\u00fastico\",\"breadcrumb\":{\"@id\":\"https:\/\/www.thermokey.com\/es\/referencias\/refrigeracion-para-un-contratista-general-lider-en-la-region-del-baltico\/#breadcrumb\"},\"inLanguage\":\"es\",\"potentialAction\":[{\"@type\":\"ReadAction\",\"target\":[\"https:\/\/www.thermokey.com\/es\/referencias\/refrigeracion-para-un-contratista-general-lider-en-la-region-del-baltico\/\"]}]},{\"@type\":\"ImageObject\",\"inLanguage\":\"es\",\"@id\":\"https:\/\/www.thermokey.com\/es\/referencias\/refrigeracion-para-un-contratista-general-lider-en-la-region-del-baltico\/#primaryimage\",\"url\":\"https:\/\/www.thermokey.com\/wp-content\/uploads\/2024\/11\/Cooling_leading-general-contractor_Baltic-1.jpg\",\"contentUrl\":\"https:\/\/www.thermokey.com\/wp-content\/uploads\/2024\/11\/Cooling_leading-general-contractor_Baltic-1.jpg\",\"width\":2458,\"height\":1307},{\"@type\":\"BreadcrumbList\",\"@id\":\"https:\/\/www.thermokey.com\/es\/referencias\/refrigeracion-para-un-contratista-general-lider-en-la-region-del-baltico\/#breadcrumb\",\"itemListElement\":[{\"@type\":\"ListItem\",\"position\":1,\"name\":\"Home\",\"item\":\"https:\/\/www.thermokey.com\/es\/\"},{\"@type\":\"ListItem\",\"position\":2,\"name\":\"Refrigeraci\u00f3n para un contratista general l\u00edder en la regi\u00f3n del B\u00e1ltico\"}]},{\"@type\":\"WebSite\",\"@id\":\"https:\/\/www.thermokey.com\/es\/#website\",\"url\":\"https:\/\/www.thermokey.com\/es\/\",\"name\":\"Thermokey\",\"description\":\"Heat Exchange Solutions\",\"potentialAction\":[{\"@type\":\"SearchAction\",\"target\":{\"@type\":\"EntryPoint\",\"urlTemplate\":\"https:\/\/www.thermokey.com\/es\/?s={search_term_string}\"},\"query-input\":{\"@type\":\"PropertyValueSpecification\",\"valueRequired\":true,\"valueName\":\"search_term_string\"}}],\"inLanguage\":\"es\"},{\"@type\":\"Person\",\"@id\":\"https:\/\/www.thermokey.com\/es\/#\/schema\/person\/f24b3b94eb274a70a61d67efb8d793c8\",\"name\":\"Camilla Borz\",\"image\":{\"@type\":\"ImageObject\",\"inLanguage\":\"es\",\"@id\":\"https:\/\/www.thermokey.com\/es\/#\/schema\/person\/image\/\",\"url\":\"https:\/\/secure.gravatar.com\/avatar\/d2251419fa9456b1ee8412c756147236879dceaf4854642d66f639c18149003d?s=96&d=mm&r=g\",\"contentUrl\":\"https:\/\/secure.gravatar.com\/avatar\/d2251419fa9456b1ee8412c756147236879dceaf4854642d66f639c18149003d?s=96&d=mm&r=g\",\"caption\":\"Camilla Borz\"}}]}<\/script>\n<!-- \/ Yoast SEO plugin. -->","yoast_head_json":{"title":"Refrigeraci\u00f3n para un Contratista General en la Regi\u00f3n del B\u00e1ltico","description":"ThermoKey dise\u00f1\u00f3 un sistema de refrigeraci\u00f3n de 72 MW para un contratista l\u00edder en los Estados B\u00e1lticos, optimizando espacio, rendimiento y cumplimiento ac\u00fastico","robots":{"index":"index","follow":"follow","max-snippet":"max-snippet:-1","max-image-preview":"max-image-preview:large","max-video-preview":"max-video-preview:-1"},"canonical":"https:\/\/www.thermokey.com\/es\/referencias\/refrigeracion-para-un-contratista-general-lider-en-la-region-del-baltico\/","og_locale":"es_ES","og_type":"article","og_title":"Refrigeraci\u00f3n para un Contratista General en la Regi\u00f3n del B\u00e1ltico","og_description":"ThermoKey dise\u00f1\u00f3 un sistema de refrigeraci\u00f3n de 72 MW para un contratista l\u00edder en los Estados B\u00e1lticos, optimizando espacio, rendimiento y cumplimiento ac\u00fastico","og_url":"https:\/\/www.thermokey.com\/es\/referencias\/refrigeracion-para-un-contratista-general-lider-en-la-region-del-baltico\/","og_site_name":"Thermokey","article_published_time":"2024-12-03T10:38:34+00:00","article_modified_time":"2024-12-13T09:33:07+00:00","og_image":[{"width":2458,"height":1307,"url":"https:\/\/www.thermokey.com\/wp-content\/uploads\/2024\/11\/Cooling_leading-general-contractor_Baltic-1.jpg","type":"image\/jpeg"}],"author":"Camilla Borz","twitter_card":"summary_large_image","twitter_misc":{"Escrito por":"Camilla Borz","Tiempo de lectura":"2 minutos"},"schema":{"@context":"https:\/\/schema.org","@graph":[{"@type":"Article","@id":"https:\/\/www.thermokey.com\/es\/referencias\/refrigeracion-para-un-contratista-general-lider-en-la-region-del-baltico\/#article","isPartOf":{"@id":"https:\/\/www.thermokey.com\/es\/referencias\/refrigeracion-para-un-contratista-general-lider-en-la-region-del-baltico\/"},"author":{"name":"Camilla Borz","@id":"https:\/\/www.thermokey.com\/es\/#\/schema\/person\/f24b3b94eb274a70a61d67efb8d793c8"},"headline":"Refrigeraci\u00f3n para un contratista general l\u00edder en la regi\u00f3n del B\u00e1ltico","datePublished":"2024-12-03T10:38:34+00:00","dateModified":"2024-12-13T09:33:07+00:00","mainEntityOfPage":{"@id":"https:\/\/www.thermokey.com\/es\/referencias\/refrigeracion-para-un-contratista-general-lider-en-la-region-del-baltico\/"},"wordCount":685,"image":{"@id":"https:\/\/www.thermokey.com\/es\/referencias\/refrigeracion-para-un-contratista-general-lider-en-la-region-del-baltico\/#primaryimage"},"thumbnailUrl":"https:\/\/www.thermokey.com\/wp-content\/uploads\/2024\/11\/Cooling_leading-general-contractor_Baltic-1.jpg","articleSection":["Referencias"],"inLanguage":"es"},{"@type":"WebPage","@id":"https:\/\/www.thermokey.com\/es\/referencias\/refrigeracion-para-un-contratista-general-lider-en-la-region-del-baltico\/","url":"https:\/\/www.thermokey.com\/es\/referencias\/refrigeracion-para-un-contratista-general-lider-en-la-region-del-baltico\/","name":"Refrigeraci\u00f3n para un Contratista General en la Regi\u00f3n del B\u00e1ltico","isPartOf":{"@id":"https:\/\/www.thermokey.com\/es\/#website"},"primaryImageOfPage":{"@id":"https:\/\/www.thermokey.com\/es\/referencias\/refrigeracion-para-un-contratista-general-lider-en-la-region-del-baltico\/#primaryimage"},"image":{"@id":"https:\/\/www.thermokey.com\/es\/referencias\/refrigeracion-para-un-contratista-general-lider-en-la-region-del-baltico\/#primaryimage"},"thumbnailUrl":"https:\/\/www.thermokey.com\/wp-content\/uploads\/2024\/11\/Cooling_leading-general-contractor_Baltic-1.jpg","datePublished":"2024-12-03T10:38:34+00:00","dateModified":"2024-12-13T09:33:07+00:00","author":{"@id":"https:\/\/www.thermokey.com\/es\/#\/schema\/person\/f24b3b94eb274a70a61d67efb8d793c8"},"description":"ThermoKey dise\u00f1\u00f3 un sistema de refrigeraci\u00f3n de 72 MW para un contratista l\u00edder en los Estados B\u00e1lticos, optimizando espacio, rendimiento y cumplimiento ac\u00fastico","breadcrumb":{"@id":"https:\/\/www.thermokey.com\/es\/referencias\/refrigeracion-para-un-contratista-general-lider-en-la-region-del-baltico\/#breadcrumb"},"inLanguage":"es","potentialAction":[{"@type":"ReadAction","target":["https:\/\/www.thermokey.com\/es\/referencias\/refrigeracion-para-un-contratista-general-lider-en-la-region-del-baltico\/"]}]},{"@type":"ImageObject","inLanguage":"es","@id":"https:\/\/www.thermokey.com\/es\/referencias\/refrigeracion-para-un-contratista-general-lider-en-la-region-del-baltico\/#primaryimage","url":"https:\/\/www.thermokey.com\/wp-content\/uploads\/2024\/11\/Cooling_leading-general-contractor_Baltic-1.jpg","contentUrl":"https:\/\/www.thermokey.com\/wp-content\/uploads\/2024\/11\/Cooling_leading-general-contractor_Baltic-1.jpg","width":2458,"height":1307},{"@type":"BreadcrumbList","@id":"https:\/\/www.thermokey.com\/es\/referencias\/refrigeracion-para-un-contratista-general-lider-en-la-region-del-baltico\/#breadcrumb","itemListElement":[{"@type":"ListItem","position":1,"name":"Home","item":"https:\/\/www.thermokey.com\/es\/"},{"@type":"ListItem","position":2,"name":"Refrigeraci\u00f3n para un contratista general l\u00edder en la regi\u00f3n del B\u00e1ltico"}]},{"@type":"WebSite","@id":"https:\/\/www.thermokey.com\/es\/#website","url":"https:\/\/www.thermokey.com\/es\/","name":"Thermokey","description":"Heat Exchange Solutions","potentialAction":[{"@type":"SearchAction","target":{"@type":"EntryPoint","urlTemplate":"https:\/\/www.thermokey.com\/es\/?s={search_term_string}"},"query-input":{"@type":"PropertyValueSpecification","valueRequired":true,"valueName":"search_term_string"}}],"inLanguage":"es"},{"@type":"Person","@id":"https:\/\/www.thermokey.com\/es\/#\/schema\/person\/f24b3b94eb274a70a61d67efb8d793c8","name":"Camilla Borz","image":{"@type":"ImageObject","inLanguage":"es","@id":"https:\/\/www.thermokey.com\/es\/#\/schema\/person\/image\/","url":"https:\/\/secure.gravatar.com\/avatar\/d2251419fa9456b1ee8412c756147236879dceaf4854642d66f639c18149003d?s=96&d=mm&r=g","contentUrl":"https:\/\/secure.gravatar.com\/avatar\/d2251419fa9456b1ee8412c756147236879dceaf4854642d66f639c18149003d?s=96&d=mm&r=g","caption":"Camilla Borz"}}]}},"_links":{"self":[{"href":"https:\/\/www.thermokey.com\/es\/wp-json\/wp\/v2\/posts\/51809","targetHints":{"allow":["GET"]}}],"collection":[{"href":"https:\/\/www.thermokey.com\/es\/wp-json\/wp\/v2\/posts"}],"about":[{"href":"https:\/\/www.thermokey.com\/es\/wp-json\/wp\/v2\/types\/post"}],"author":[{"embeddable":true,"href":"https:\/\/www.thermokey.com\/es\/wp-json\/wp\/v2\/users\/3"}],"replies":[{"embeddable":true,"href":"https:\/\/www.thermokey.com\/es\/wp-json\/wp\/v2\/comments?post=51809"}],"version-history":[{"count":3,"href":"https:\/\/www.thermokey.com\/es\/wp-json\/wp\/v2\/posts\/51809\/revisions"}],"predecessor-version":[{"id":52104,"href":"https:\/\/www.thermokey.com\/es\/wp-json\/wp\/v2\/posts\/51809\/revisions\/52104"}],"wp:featuredmedia":[{"embeddable":true,"href":"https:\/\/www.thermokey.com\/es\/wp-json\/wp\/v2\/media\/50928"}],"wp:attachment":[{"href":"https:\/\/www.thermokey.com\/es\/wp-json\/wp\/v2\/media?parent=51809"}],"wp:term":[{"taxonomy":"category","embeddable":true,"href":"https:\/\/www.thermokey.com\/es\/wp-json\/wp\/v2\/categories?post=51809"},{"taxonomy":"post_tag","embeddable":true,"href":"https:\/\/www.thermokey.com\/es\/wp-json\/wp\/v2\/tags?post=51809"}],"curies":[{"name":"wp","href":"https:\/\/api.w.org\/{rel}","templated":true}]}}