{"id":29940,"date":"2022-02-03T20:49:08","date_gmt":"2022-02-03T19:49:08","guid":{"rendered":"https:\/\/www.thermokey.com\/?p=29940"},"modified":"2022-04-20T16:58:22","modified_gmt":"2022-04-20T14:58:22","slug":"thermokey-gruendungsmitglied-von-additive-fvg","status":"publish","type":"post","link":"https:\/\/www.thermokey.com\/de\/news\/thermokey-gruendungsmitglied-von-additive-fvg\/","title":{"rendered":"THERMOKEY GR\u00dcNDUNGSMITGLIED VON ADDITIVE FVG"},"content":{"rendered":"<section class=\"wpb-content-wrapper\"><!DOCTYPE html PUBLIC \"-\/\/W3C\/\/DTD HTML 4.0 Transitional\/\/EN\" \"http:\/\/www.w3.org\/TR\/REC-html40\/loose.dtd\">\n<html><body><p>[vc_row][vc_column][vc_column_text css=&ldquo;.vc_custom_1643917470977{margin-top: 35px !important;border-bottom-width: 1px !important;padding-bottom: 50px !important;border-bottom-color: #777777 !important;border-bottom-style: solid !important;border-radius: 1px !important;}&ldquo;]Zusammen mit der <a href=\"http:\/\/brovedanigroup.com\"><strong>Brovedani Group<\/strong><\/a> und <strong><a href=\"https:\/\/www.wartsila.com\/\">W&auml;rtsil&auml;<\/a><\/strong> ist ThermoKey stolz darauf, eines der vereinten Gr&uuml;ndungsmitglieder zu sein, die Innovation durch das Projekt <strong><a href=\"https:\/\/additivefvg.it\/it\/\">Additive FVG<\/a><\/strong> f&ouml;rdern und unterst&uuml;tzen.&nbsp; Diese Initiative wird von Friuli Innovazione, einem italienischen und internationalen Referenzzentrum f&uuml;r&nbsp; additive Technologien, gef&ouml;rdert.<\/p>\n<p>Additive FVG ist ein hochmodernes Zentrum, das Unternehmen bei der Einf&uuml;hrung fortschrittlicher Produktionstechnologien unterst&uuml;tzt, Ver&auml;nderungen in Gesch&auml;ftsmodellen anregt, F&auml;higkeiten&nbsp; verbessert und auch eine &amp;quot;offene&amp;quot; Initiative ist, durch die die strategische Vision von Unternehmen zum&nbsp; Vergleich und Austausch von Erfahrungen in den Bereichen Design und Produktion angeregt wird.[\/vc_column_text][vc_single_image image=&ldquo;30402&Prime; img_size=&ldquo;full&ldquo; alignment=&ldquo;center&ldquo;][vc_column_text css=&ldquo;.vc_custom_1643365278394{margin-top: 35px !important;border-bottom-width: 1px !important;padding-bottom: 50px !important;border-bottom-color: #777777 !important;border-bottom-style: solid !important;border-radius: 1px !important;}&ldquo;][\/vc_column_text][vc_column_text css=&ldquo;.vc_custom_1643293907218{margin-top: 35px !important;border-bottom-width: 1px !important;padding-bottom: 50px !important;border-bottom-color: #777777 !important;border-bottom-style: solid !important;border-radius: 1px !important;}&ldquo;][\/vc_column_text][\/vc_column][\/vc_row][vc_row][vc_column width=&ldquo;1\/2&Prime;][vc_single_image image=&ldquo;30381&Prime; img_size=&ldquo;large&ldquo;][vc_empty_space height=&ldquo;30px&ldquo;][\/vc_column][vc_column width=&ldquo;1\/2&Prime;][vc_single_image image=&ldquo;30388&Prime; img_size=&ldquo;large&ldquo;][vc_empty_space height=&ldquo;30px&ldquo;][\/vc_column][\/vc_row][vc_row][vc_column][vc_custom_heading text=&ldquo;ADDITIVE TECHNOLOGIEN&ldquo; font_container=&ldquo;tag:h2|font_size:22|text_align:left|color:%2300497c&ldquo; css=&ldquo;.vc_custom_1643917479697{margin-top: 50px !important;}&ldquo;][vc_column_text css=&ldquo;.vc_custom_1643917538601{margin-top: 35px !important;border-bottom-width: 1px !important;padding-bottom: 50px !important;border-bottom-color: #777777 !important;border-bottom-style: solid !important;border-radius: 1px !important;}&ldquo;]Additive Technologien sind h&auml;ufiger unter dem Begriff 3D-Druck f&uuml;r die industrielle Fertigung bekannt. Bis vor kurzem waren sie nur in bestimmten Sektoren wie der Luft- und Raumfahrt oder der&nbsp; Medizintechnik vertreten, doch in letzter Zeit hat sich das Interesse an ihrem Einsatz auch auf dem&nbsp; gesamten Fertigungsmarkt entwickelt. In den n&auml;chsten Jahren wird die Kompetenz im Umgang mit&nbsp; diesen neuen Technologien ein grundlegender Wettbewerbsfaktor f&uuml;r Unternehmen sein, die von&nbsp; zahlreichen Vorteilen profitieren werden:<\/p>\n<ul>\n<li>Sie k&ouml;nnen direkt kundenspezifische Produktionen oder kleine Produktionen ohne die Verwendung von Gussformen erstellen. Auf diese Weise werden nur die notwendigen Teile hergestellt, was zu einer Verringerung des Verarbeitungsabfalls f&uuml;hrt, was sich in geringeren Kosten f&uuml;r die Lagerung, Entsorgung und Verarbeitung von Prozessabf&auml;llen niederschl&auml;gt.<\/li>\n<li>Verk&uuml;rzung der Zeit zwischen Entwurf und Verkauf (Time to Market)<\/li>\n<li>Produkte mit mehr Freiheit zu entwerfen, dank der topologischen Optimierung, die den Einsatz von Rohstoffen und das Gewicht des Objekts reduziert.<\/li>\n<\/ul>\n<p>[\/vc_column_text][vc_single_image image=&ldquo;30395&Prime; img_size=&ldquo;full&ldquo; alignment=&ldquo;center&ldquo;][vc_column_text css=&ldquo;.vc_custom_1643293907218{margin-top: 35px !important;border-bottom-width: 1px !important;padding-bottom: 50px !important;border-bottom-color: #777777 !important;border-bottom-style: solid !important;border-radius: 1px !important;}&ldquo;][\/vc_column_text][\/vc_column][\/vc_row][vc_row][vc_column][vc_custom_heading text=&ldquo;DIE REGION \/ DAS GEBIET&ldquo; font_container=&ldquo;tag:h2|font_size:22|text_align:left|color:%2300497c&ldquo; css=&ldquo;.vc_custom_1643917552288{margin-top: 50px !important;}&ldquo;][vc_column_text css=&ldquo;.vc_custom_1643917659743{margin-top: 35px !important;border-bottom-width: 1px !important;padding-bottom: 50px !important;border-bottom-color: #777777 !important;border-bottom-style: solid !important;border-radius: 1px !important;}&ldquo;]Friaul-Julisch Venetien k&ouml;nnte dank dieses Projekts zu einem Referenzpunkt in Italien und Europa f&uuml;r&nbsp; additive Technologien werden, vor allem aber zu einem Kompetenztr&auml;ger, der sich schnell in das&nbsp; regionale Produktionsnetz einf&uuml;gt. In der FVG-Region gibt es:<\/p>\n<ul>\n<li><a href=\"https:\/\/clustercomet.it\/\"><strong>COMET<\/strong><\/a>: Referenzcluster f&uuml;r das Management des regionalen technischen Systems, das fast 4.000 Unternehmen umfasst.<\/li>\n<li><a href=\"https:\/\/friulinnovazione.it\/it\/\"><strong>Friuli Innovazione<\/strong><\/a>: Inkubator f&uuml;r Forschungs-Spin-offs und Start-ups.<\/li>\n<li><a href=\"http:\/\/lamafvg.it\/\"><strong>LAMA<\/strong><\/a>(Labor f&uuml;r moderne Mechatronik): gegr&uuml;ndet von 3 Universit&auml;ten (UniUD, UniTs und SISSA)<\/li>\n<li><a href=\"https:\/\/limacorporate.com\/it\/welcome.html\"><strong>Lima Corporate<\/strong><\/a>: ein weltweit f&uuml;hrendes Unternehmen im Bereich der 3D-Technologien f&uuml;r die Orthop&auml;die.<\/li>\n<li><a href=\"http:\/\/www.itsmalignani.it\/\"><strong>MITS Malignani<\/strong><\/a>i: eine spezielle Technologieschule, die ein Modul f&uuml;r additive Technologien in ihre Kurse aufgenommen hat.<\/li>\n<\/ul>\n<p>[\/vc_column_text][\/vc_column][\/vc_row][vc_row][vc_column][vc_custom_heading text=&ldquo;VORTEILE F&Uuml;R THERMOKEY-KUNDEN&ldquo; font_container=&ldquo;tag:h2|font_size:22|text_align:left|color:%2300497c&ldquo; css=&ldquo;.vc_custom_1643917673713{margin-top: 50px !important;}&ldquo;][vc_column_text css=&ldquo;.vc_custom_1643917707976{margin-top: 35px !important;border-bottom-width: 1px !important;padding-bottom: 50px !important;border-bottom-color: #777777 !important;border-bottom-style: solid !important;border-radius: 1px !important;}&ldquo;]Im Rahmen des Additiv-Projekts und in Zusammenarbeit mit der Universit&auml;t Udine, mit dem Ziel, dem&nbsp; Markt innovative, leistungsstarke und energiesparende L&ouml;sungen anzubieten, engagiert sich Thermokey f&uuml;r die Entwicklung und Patentierung einer L&ouml;sung, die den thermischen Wirkungsgrad der Unit Cooler um 10% erh&ouml;ht.[\/vc_column_text][vc_single_image image=&ldquo;29989&Prime; img_size=&ldquo;full&ldquo; alignment=&ldquo;center&ldquo;][\/vc_column][\/vc_row][vc_row css=&ldquo;.vc_custom_1605617340007{margin-top: 25px !important;}&ldquo;][vc_column][vc_column_text css=&ldquo;.vc_custom_1643364722598{margin-top: 35px !important;border-bottom-width: 1px !important;padding-bottom: 50px !important;border-bottom-color: #777777 !important;border-bottom-style: solid !important;border-radius: 1px !important;}&ldquo;]<\/p>\n<p>[\/vc_column_text][vc_column_text css=&ldquo;.vc_custom_1643917734997{margin-top: 35px !important;border-bottom-width: 1px !important;padding-bottom: 50px !important;border-bottom-color: #777777 !important;border-bottom-style: solid !important;border-radius: 1px !important;}&ldquo;]Entdecken:<\/p>\n<p><strong><a href=\"https:\/\/additivefvg.it\/it\/\">AdditiveFVG<\/a><\/strong><\/p>\n<p><strong><a href=\"https:\/\/www.brovedanigroup.com\/\">Brovedani Group<\/a><\/strong><\/p>\n<p><strong><a href=\"https:\/\/www.wartsila.com\/\">W&auml;rtsil&auml;<\/a><\/strong>[\/vc_column_text][\/vc_column][\/vc_row]<\/p>\n<\/body><\/html>\n<\/section>","protected":false},"excerpt":{"rendered":"<p>[vc_row][vc_column][vc_column_text css=&ldquo;.vc_custom_1643917470977{margin-top: 35px !important;border-bottom-width: 1px !important;padding-bottom: 50px !important;border-bottom-color: #777777 !important;border-bottom-style: solid !important;border-radius: 1px !important;}&ldquo;]Zusammen mit der Brovedani Group und W&auml;rtsil&auml; ist ThermoKey stolz darauf, eines der vereinten Gr&uuml;ndungsmitglieder zu sein, die Innovation durch das Projekt Additive FVG f&ouml;rdern und unterst&uuml;tzen.&nbsp; Diese Initiative wird von Friuli Innovazione, einem italienischen und internationalen Referenzzentrum f&uuml;r&nbsp; additive Technologien, gef&ouml;rdert. [&hellip;]<\/p>\n","protected":false},"author":3,"featured_media":30447,"comment_status":"closed","ping_status":"closed","sticky":false,"template":"single-highlights.php","format":"standard","meta":{"_acf_changed":false,"inline_featured_image":false,"footnotes":""},"categories":[121],"tags":[],"class_list":["post-29940","post","type-post","status-publish","format-standard","has-post-thumbnail","hentry","category-news"],"acf":[],"yoast_head":"<!-- This site is optimized with the Yoast SEO plugin v27.1.1 - https:\/\/yoast.com\/product\/yoast-seo-wordpress\/ -->\n<title>Innovation durch das Additive FVG-Projekt: Thermokey Gr\u00fcndungsmitglied<\/title>\n<meta name=\"description\" content=\"ThermoKey unterst\u00fctzt als Gr\u00fcndungsmitglied Innovationen durch das Additive FVG-Projekt, ein Referenzzentrum f\u00fcr additive Technologien.\" \/>\n<meta name=\"robots\" content=\"index, follow, max-snippet:-1, max-image-preview:large, max-video-preview:-1\" \/>\n<link rel=\"canonical\" href=\"https:\/\/www.thermokey.com\/de\/news\/thermokey-gruendungsmitglied-von-additive-fvg\/\" \/>\n<meta property=\"og:locale\" content=\"de_DE\" \/>\n<meta property=\"og:type\" content=\"article\" \/>\n<meta property=\"og:title\" content=\"Innovation durch das Additive FVG-Projekt: Thermokey Gr\u00fcndungsmitglied\" \/>\n<meta property=\"og:description\" content=\"ThermoKey unterst\u00fctzt als Gr\u00fcndungsmitglied Innovationen durch das Additive FVG-Projekt, ein Referenzzentrum f\u00fcr additive Technologien.\" \/>\n<meta property=\"og:url\" content=\"https:\/\/www.thermokey.com\/de\/news\/thermokey-gruendungsmitglied-von-additive-fvg\/\" \/>\n<meta property=\"og:site_name\" content=\"Thermokey\" \/>\n<meta property=\"article:published_time\" content=\"2022-02-03T19:49:08+00:00\" \/>\n<meta property=\"article:modified_time\" content=\"2022-04-20T14:58:22+00:00\" \/>\n<meta property=\"og:image\" content=\"https:\/\/www.thermokey.com\/wp-content\/uploads\/2022\/01\/AdditiveFVG_Highlight_Cover_1-2.jpg\" \/>\n\t<meta property=\"og:image:width\" content=\"651\" \/>\n\t<meta property=\"og:image:height\" content=\"330\" \/>\n\t<meta property=\"og:image:type\" content=\"image\/jpeg\" \/>\n<meta name=\"author\" content=\"Camilla Borz\" \/>\n<meta name=\"twitter:card\" content=\"summary_large_image\" \/>\n<meta name=\"twitter:label1\" content=\"Verfasst von\" \/>\n\t<meta name=\"twitter:data1\" content=\"Camilla Borz\" \/>\n\t<meta name=\"twitter:label2\" content=\"Gesch\u00e4tzte Lesezeit\" \/>\n\t<meta name=\"twitter:data2\" content=\"4\u00a0Minuten\" \/>\n<script type=\"application\/ld+json\" class=\"yoast-schema-graph\">{\"@context\":\"https:\/\/schema.org\",\"@graph\":[{\"@type\":\"Article\",\"@id\":\"https:\/\/www.thermokey.com\/de\/news\/thermokey-gruendungsmitglied-von-additive-fvg\/#article\",\"isPartOf\":{\"@id\":\"https:\/\/www.thermokey.com\/de\/news\/thermokey-gruendungsmitglied-von-additive-fvg\/\"},\"author\":{\"name\":\"Camilla Borz\",\"@id\":\"https:\/\/www.thermokey.com\/de\/#\/schema\/person\/f24b3b94eb274a70a61d67efb8d793c8\"},\"headline\":\"THERMOKEY GR\u00dcNDUNGSMITGLIED VON ADDITIVE FVG\",\"datePublished\":\"2022-02-03T19:49:08+00:00\",\"dateModified\":\"2022-04-20T14:58:22+00:00\",\"mainEntityOfPage\":{\"@id\":\"https:\/\/www.thermokey.com\/de\/news\/thermokey-gruendungsmitglied-von-additive-fvg\/\"},\"wordCount\":849,\"image\":{\"@id\":\"https:\/\/www.thermokey.com\/de\/news\/thermokey-gruendungsmitglied-von-additive-fvg\/#primaryimage\"},\"thumbnailUrl\":\"https:\/\/www.thermokey.com\/wp-content\/uploads\/2022\/01\/AdditiveFVG_Highlight_Cover_1-2.jpg\",\"articleSection\":[\"News\"],\"inLanguage\":\"de\"},{\"@type\":\"WebPage\",\"@id\":\"https:\/\/www.thermokey.com\/de\/news\/thermokey-gruendungsmitglied-von-additive-fvg\/\",\"url\":\"https:\/\/www.thermokey.com\/de\/news\/thermokey-gruendungsmitglied-von-additive-fvg\/\",\"name\":\"Innovation durch das Additive FVG-Projekt: Thermokey Gr\u00fcndungsmitglied\",\"isPartOf\":{\"@id\":\"https:\/\/www.thermokey.com\/de\/#website\"},\"primaryImageOfPage\":{\"@id\":\"https:\/\/www.thermokey.com\/de\/news\/thermokey-gruendungsmitglied-von-additive-fvg\/#primaryimage\"},\"image\":{\"@id\":\"https:\/\/www.thermokey.com\/de\/news\/thermokey-gruendungsmitglied-von-additive-fvg\/#primaryimage\"},\"thumbnailUrl\":\"https:\/\/www.thermokey.com\/wp-content\/uploads\/2022\/01\/AdditiveFVG_Highlight_Cover_1-2.jpg\",\"datePublished\":\"2022-02-03T19:49:08+00:00\",\"dateModified\":\"2022-04-20T14:58:22+00:00\",\"author\":{\"@id\":\"https:\/\/www.thermokey.com\/de\/#\/schema\/person\/f24b3b94eb274a70a61d67efb8d793c8\"},\"description\":\"ThermoKey unterst\u00fctzt als Gr\u00fcndungsmitglied Innovationen durch das Additive FVG-Projekt, ein Referenzzentrum f\u00fcr additive Technologien.\",\"breadcrumb\":{\"@id\":\"https:\/\/www.thermokey.com\/de\/news\/thermokey-gruendungsmitglied-von-additive-fvg\/#breadcrumb\"},\"inLanguage\":\"de\",\"potentialAction\":[{\"@type\":\"ReadAction\",\"target\":[\"https:\/\/www.thermokey.com\/de\/news\/thermokey-gruendungsmitglied-von-additive-fvg\/\"]}]},{\"@type\":\"ImageObject\",\"inLanguage\":\"de\",\"@id\":\"https:\/\/www.thermokey.com\/de\/news\/thermokey-gruendungsmitglied-von-additive-fvg\/#primaryimage\",\"url\":\"https:\/\/www.thermokey.com\/wp-content\/uploads\/2022\/01\/AdditiveFVG_Highlight_Cover_1-2.jpg\",\"contentUrl\":\"https:\/\/www.thermokey.com\/wp-content\/uploads\/2022\/01\/AdditiveFVG_Highlight_Cover_1-2.jpg\",\"width\":651,\"height\":330,\"caption\":\"additive FVG logo highlight cover\"},{\"@type\":\"BreadcrumbList\",\"@id\":\"https:\/\/www.thermokey.com\/de\/news\/thermokey-gruendungsmitglied-von-additive-fvg\/#breadcrumb\",\"itemListElement\":[{\"@type\":\"ListItem\",\"position\":1,\"name\":\"Home\",\"item\":\"https:\/\/www.thermokey.com\/de\/\"},{\"@type\":\"ListItem\",\"position\":2,\"name\":\"THERMOKEY GR\u00dcNDUNGSMITGLIED VON ADDITIVE FVG\"}]},{\"@type\":\"WebSite\",\"@id\":\"https:\/\/www.thermokey.com\/de\/#website\",\"url\":\"https:\/\/www.thermokey.com\/de\/\",\"name\":\"Thermokey\",\"description\":\"Heat Exchange Solutions\",\"potentialAction\":[{\"@type\":\"SearchAction\",\"target\":{\"@type\":\"EntryPoint\",\"urlTemplate\":\"https:\/\/www.thermokey.com\/de\/?s={search_term_string}\"},\"query-input\":{\"@type\":\"PropertyValueSpecification\",\"valueRequired\":true,\"valueName\":\"search_term_string\"}}],\"inLanguage\":\"de\"},{\"@type\":\"Person\",\"@id\":\"https:\/\/www.thermokey.com\/de\/#\/schema\/person\/f24b3b94eb274a70a61d67efb8d793c8\",\"name\":\"Camilla Borz\",\"image\":{\"@type\":\"ImageObject\",\"inLanguage\":\"de\",\"@id\":\"https:\/\/www.thermokey.com\/de\/#\/schema\/person\/image\/\",\"url\":\"https:\/\/secure.gravatar.com\/avatar\/d2251419fa9456b1ee8412c756147236879dceaf4854642d66f639c18149003d?s=96&d=mm&r=g\",\"contentUrl\":\"https:\/\/secure.gravatar.com\/avatar\/d2251419fa9456b1ee8412c756147236879dceaf4854642d66f639c18149003d?s=96&d=mm&r=g\",\"caption\":\"Camilla Borz\"}}]}<\/script>\n<!-- \/ Yoast SEO plugin. -->","yoast_head_json":{"title":"Innovation durch das Additive FVG-Projekt: Thermokey Gr\u00fcndungsmitglied","description":"ThermoKey unterst\u00fctzt als Gr\u00fcndungsmitglied Innovationen durch das Additive FVG-Projekt, ein Referenzzentrum f\u00fcr additive Technologien.","robots":{"index":"index","follow":"follow","max-snippet":"max-snippet:-1","max-image-preview":"max-image-preview:large","max-video-preview":"max-video-preview:-1"},"canonical":"https:\/\/www.thermokey.com\/de\/news\/thermokey-gruendungsmitglied-von-additive-fvg\/","og_locale":"de_DE","og_type":"article","og_title":"Innovation durch das Additive FVG-Projekt: Thermokey Gr\u00fcndungsmitglied","og_description":"ThermoKey unterst\u00fctzt als Gr\u00fcndungsmitglied Innovationen durch das Additive FVG-Projekt, ein Referenzzentrum f\u00fcr additive Technologien.","og_url":"https:\/\/www.thermokey.com\/de\/news\/thermokey-gruendungsmitglied-von-additive-fvg\/","og_site_name":"Thermokey","article_published_time":"2022-02-03T19:49:08+00:00","article_modified_time":"2022-04-20T14:58:22+00:00","og_image":[{"width":651,"height":330,"url":"https:\/\/www.thermokey.com\/wp-content\/uploads\/2022\/01\/AdditiveFVG_Highlight_Cover_1-2.jpg","type":"image\/jpeg"}],"author":"Camilla Borz","twitter_card":"summary_large_image","twitter_misc":{"Verfasst von":"Camilla Borz","Gesch\u00e4tzte Lesezeit":"4\u00a0Minuten"},"schema":{"@context":"https:\/\/schema.org","@graph":[{"@type":"Article","@id":"https:\/\/www.thermokey.com\/de\/news\/thermokey-gruendungsmitglied-von-additive-fvg\/#article","isPartOf":{"@id":"https:\/\/www.thermokey.com\/de\/news\/thermokey-gruendungsmitglied-von-additive-fvg\/"},"author":{"name":"Camilla Borz","@id":"https:\/\/www.thermokey.com\/de\/#\/schema\/person\/f24b3b94eb274a70a61d67efb8d793c8"},"headline":"THERMOKEY GR\u00dcNDUNGSMITGLIED VON ADDITIVE FVG","datePublished":"2022-02-03T19:49:08+00:00","dateModified":"2022-04-20T14:58:22+00:00","mainEntityOfPage":{"@id":"https:\/\/www.thermokey.com\/de\/news\/thermokey-gruendungsmitglied-von-additive-fvg\/"},"wordCount":849,"image":{"@id":"https:\/\/www.thermokey.com\/de\/news\/thermokey-gruendungsmitglied-von-additive-fvg\/#primaryimage"},"thumbnailUrl":"https:\/\/www.thermokey.com\/wp-content\/uploads\/2022\/01\/AdditiveFVG_Highlight_Cover_1-2.jpg","articleSection":["News"],"inLanguage":"de"},{"@type":"WebPage","@id":"https:\/\/www.thermokey.com\/de\/news\/thermokey-gruendungsmitglied-von-additive-fvg\/","url":"https:\/\/www.thermokey.com\/de\/news\/thermokey-gruendungsmitglied-von-additive-fvg\/","name":"Innovation durch das Additive FVG-Projekt: Thermokey Gr\u00fcndungsmitglied","isPartOf":{"@id":"https:\/\/www.thermokey.com\/de\/#website"},"primaryImageOfPage":{"@id":"https:\/\/www.thermokey.com\/de\/news\/thermokey-gruendungsmitglied-von-additive-fvg\/#primaryimage"},"image":{"@id":"https:\/\/www.thermokey.com\/de\/news\/thermokey-gruendungsmitglied-von-additive-fvg\/#primaryimage"},"thumbnailUrl":"https:\/\/www.thermokey.com\/wp-content\/uploads\/2022\/01\/AdditiveFVG_Highlight_Cover_1-2.jpg","datePublished":"2022-02-03T19:49:08+00:00","dateModified":"2022-04-20T14:58:22+00:00","author":{"@id":"https:\/\/www.thermokey.com\/de\/#\/schema\/person\/f24b3b94eb274a70a61d67efb8d793c8"},"description":"ThermoKey unterst\u00fctzt als Gr\u00fcndungsmitglied Innovationen durch das Additive FVG-Projekt, ein Referenzzentrum f\u00fcr additive Technologien.","breadcrumb":{"@id":"https:\/\/www.thermokey.com\/de\/news\/thermokey-gruendungsmitglied-von-additive-fvg\/#breadcrumb"},"inLanguage":"de","potentialAction":[{"@type":"ReadAction","target":["https:\/\/www.thermokey.com\/de\/news\/thermokey-gruendungsmitglied-von-additive-fvg\/"]}]},{"@type":"ImageObject","inLanguage":"de","@id":"https:\/\/www.thermokey.com\/de\/news\/thermokey-gruendungsmitglied-von-additive-fvg\/#primaryimage","url":"https:\/\/www.thermokey.com\/wp-content\/uploads\/2022\/01\/AdditiveFVG_Highlight_Cover_1-2.jpg","contentUrl":"https:\/\/www.thermokey.com\/wp-content\/uploads\/2022\/01\/AdditiveFVG_Highlight_Cover_1-2.jpg","width":651,"height":330,"caption":"additive FVG logo highlight cover"},{"@type":"BreadcrumbList","@id":"https:\/\/www.thermokey.com\/de\/news\/thermokey-gruendungsmitglied-von-additive-fvg\/#breadcrumb","itemListElement":[{"@type":"ListItem","position":1,"name":"Home","item":"https:\/\/www.thermokey.com\/de\/"},{"@type":"ListItem","position":2,"name":"THERMOKEY GR\u00dcNDUNGSMITGLIED VON ADDITIVE FVG"}]},{"@type":"WebSite","@id":"https:\/\/www.thermokey.com\/de\/#website","url":"https:\/\/www.thermokey.com\/de\/","name":"Thermokey","description":"Heat Exchange Solutions","potentialAction":[{"@type":"SearchAction","target":{"@type":"EntryPoint","urlTemplate":"https:\/\/www.thermokey.com\/de\/?s={search_term_string}"},"query-input":{"@type":"PropertyValueSpecification","valueRequired":true,"valueName":"search_term_string"}}],"inLanguage":"de"},{"@type":"Person","@id":"https:\/\/www.thermokey.com\/de\/#\/schema\/person\/f24b3b94eb274a70a61d67efb8d793c8","name":"Camilla Borz","image":{"@type":"ImageObject","inLanguage":"de","@id":"https:\/\/www.thermokey.com\/de\/#\/schema\/person\/image\/","url":"https:\/\/secure.gravatar.com\/avatar\/d2251419fa9456b1ee8412c756147236879dceaf4854642d66f639c18149003d?s=96&d=mm&r=g","contentUrl":"https:\/\/secure.gravatar.com\/avatar\/d2251419fa9456b1ee8412c756147236879dceaf4854642d66f639c18149003d?s=96&d=mm&r=g","caption":"Camilla Borz"}}]}},"_links":{"self":[{"href":"https:\/\/www.thermokey.com\/de\/wp-json\/wp\/v2\/posts\/29940","targetHints":{"allow":["GET"]}}],"collection":[{"href":"https:\/\/www.thermokey.com\/de\/wp-json\/wp\/v2\/posts"}],"about":[{"href":"https:\/\/www.thermokey.com\/de\/wp-json\/wp\/v2\/types\/post"}],"author":[{"embeddable":true,"href":"https:\/\/www.thermokey.com\/de\/wp-json\/wp\/v2\/users\/3"}],"replies":[{"embeddable":true,"href":"https:\/\/www.thermokey.com\/de\/wp-json\/wp\/v2\/comments?post=29940"}],"version-history":[{"count":1,"href":"https:\/\/www.thermokey.com\/de\/wp-json\/wp\/v2\/posts\/29940\/revisions"}],"predecessor-version":[{"id":30717,"href":"https:\/\/www.thermokey.com\/de\/wp-json\/wp\/v2\/posts\/29940\/revisions\/30717"}],"wp:featuredmedia":[{"embeddable":true,"href":"https:\/\/www.thermokey.com\/de\/wp-json\/wp\/v2\/media\/30447"}],"wp:attachment":[{"href":"https:\/\/www.thermokey.com\/de\/wp-json\/wp\/v2\/media?parent=29940"}],"wp:term":[{"taxonomy":"category","embeddable":true,"href":"https:\/\/www.thermokey.com\/de\/wp-json\/wp\/v2\/categories?post=29940"},{"taxonomy":"post_tag","embeddable":true,"href":"https:\/\/www.thermokey.com\/de\/wp-json\/wp\/v2\/tags?post=29940"}],"curies":[{"name":"wp","href":"https:\/\/api.w.org\/{rel}","templated":true}]}}